{"id":1464,"date":"2024-06-27T14:45:51","date_gmt":"2024-06-27T19:15:51","guid":{"rendered":"https:\/\/www.remax.com.ve\/blog\/?p=1464"},"modified":"2024-10-02T16:01:08","modified_gmt":"2024-10-02T20:31:08","slug":"por-que-margarita-sera-sede-convencion-re-max-venezuela-2024","status":"publish","type":"post","link":"https:\/\/www.remax.com.ve\/blog\/por-que-margarita-sera-sede-convencion-re-max-venezuela-2024\/","title":{"rendered":"Por qu\u00e9 la isla de Margarita ser\u00e1 la sede de la Convenci\u00f3n RE\/MAX Venezuela 2024"},"content":{"rendered":"\n<p><strong>Margarita ser\u00e1 la sede de la Convenci\u00f3n RE\/MAX Venezuela 2024. <\/strong>La isla es referencia para venezolanos y extranjeros, como punto tur\u00edstico, comercial e inmobiliario de excelencia en el Caribe. Sin embargo, tambi\u00e9n tiene una marcada presencia en la historia de Venezuela. <\/p>\n\n\n\n<p>Crist\u00f3bal Col\u00f3n fue el primer europeo en llegar a la isla. Le puso por nombre La Asunci\u00f3n, pues arrib\u00f3 el 15 de febrero de 1498, d\u00eda de la asunci\u00f3n de la Virgen Mar\u00eda. Y desde entonces son muchos los europeos que han visitado la isla, la consideran su hogar, invierten en inmuebles y son parte de su pujante vida econ\u00f3mica.<\/p>\n\n\n\n<div style=\"height:40px\" aria-hidden=\"true\" class=\"wp-block-spacer\"><\/div>\n\n\n\n<figure class=\"wp-block-image size-full\"><img decoding=\"async\" loading=\"lazy\" width=\"811\" height=\"540\" src=\"https:\/\/imagesblog.remax.com.ve\/wp-content\/uploads\/2024\/06\/12220911\/REMAX-Venezuela-Convencion-Margarita-2024-2.png\" alt=\"REMAX-Venezuela-Convencion-Margarita-2024\" class=\"wp-image-1533\" srcset=\"https:\/\/imagesblog.remax.com.ve\/wp-content\/uploads\/2024\/06\/12220911\/REMAX-Venezuela-Convencion-Margarita-2024-2.png 811w, https:\/\/imagesblog.remax.com.ve\/wp-content\/uploads\/2024\/06\/12220911\/REMAX-Venezuela-Convencion-Margarita-2024-2-300x200.png 300w, https:\/\/imagesblog.remax.com.ve\/wp-content\/uploads\/2024\/06\/12220911\/REMAX-Venezuela-Convencion-Margarita-2024-2-768x511.png 768w\" sizes=\"(max-width: 811px) 100vw, 811px\" \/><\/figure>\n\n\n\n<div style=\"height:25px\" aria-hidden=\"true\" class=\"wp-block-spacer\"><\/div>\n\n\n\n<h3 class=\"wp-block-heading\"><strong>\u00bfPor qu\u00e9 tambi\u00e9n se le conoce como la Perla del Caribe?<\/strong> <\/h3>\n\n\n\n<p>Esa historia comenz\u00f3 un a\u00f1o despu\u00e9s del tercer viaje de Col\u00f3n. En 1499, Pedro Alonso Ni\u00f1o y Crist\u00f3bal Guerra la llamaron Margarita, un nombre griego que significa perla, en alusi\u00f3n a la abundancia de perlas en la regi\u00f3n. Aunque algunos tienen la hip\u00f3tesis que fue un homenaje a la Reina Margarita de Austria, esposa del Rey Felipe III.<\/p>\n\n\n\n<p>Los navegantes europeos confirmaron la existencia de ricos yacimientos de perlas en Cubagua, cuya explotaci\u00f3n dio origen al primer establecimiento espa\u00f1ol en Venezuela. Las perlas de Margarita y Cubagua engalanaron las coronas de las reinas espa\u00f1olas.<\/p>\n\n\n\n<p>La herencia espa\u00f1ola a\u00fan la vemos en sus castillos y fortines coloniales. En Pampatar, La Asunci\u00f3n o Juan Griego se pueden visitar esas imponentes construcciones de roca s\u00f3lida, que bien pueden ser los<strong> primeros indicios del <a href=\"https:\/\/www.remax.com.ve\/blog\/venezuela-paraiso-oportunidades-comprar-un-inmueble-vacacional\/\" target=\"_blank\" rel=\"noopener\" title=\"Venezuela: Un para\u00edso para comprar un inmueble vacacional\">importante desarrollo urban\u00edstico de la isla<\/a>. <\/strong> La herencia guaiquer\u00ed est\u00e1 en el \u00edmpetu y la cultura de los hombres y mujeres de la isla. <\/p>\n\n\n\n<div style=\"height:40px\" aria-hidden=\"true\" class=\"wp-block-spacer\"><\/div>\n\n\n\n<figure class=\"wp-block-image size-full\"><img decoding=\"async\" loading=\"lazy\" width=\"811\" height=\"540\" src=\"https:\/\/imagesblog.remax.com.ve\/wp-content\/uploads\/2024\/06\/19092907\/REMAX-Venezuela-Convencion-REMAX-Venezuela-2024.png\" alt=\"REMAX-Venezuela-Convencion-REMAX-Venezuela-2024\" class=\"wp-image-1468\" srcset=\"https:\/\/imagesblog.remax.com.ve\/wp-content\/uploads\/2024\/06\/19092907\/REMAX-Venezuela-Convencion-REMAX-Venezuela-2024.png 811w, https:\/\/imagesblog.remax.com.ve\/wp-content\/uploads\/2024\/06\/19092907\/REMAX-Venezuela-Convencion-REMAX-Venezuela-2024-300x200.png 300w, https:\/\/imagesblog.remax.com.ve\/wp-content\/uploads\/2024\/06\/19092907\/REMAX-Venezuela-Convencion-REMAX-Venezuela-2024-768x511.png 768w\" sizes=\"(max-width: 811px) 100vw, 811px\" \/><\/figure>\n\n\n\n<div style=\"height:20px\" aria-hidden=\"true\" class=\"wp-block-spacer\"><\/div>\n\n\n\n<h3 class=\"wp-block-heading\"><strong>Margarita en nuestra historia<\/strong><\/h3>\n\n\n\n<p><strong>La Provincia de Margarita fue la primera en la Capitan\u00eda General de Venezuela.<\/strong> Una de las estrellas en la bandera de Venezuela representa a Margarita, pues form\u00f3 parte de las ocho provincias que firmaron el Acta de la Independencia, el 5 de julio de 1811. Tambi\u00e9n fue una de las 13 provincias originales de la Rep\u00fablica de Venezuela, al disolverse la Gran Colombia. <\/p>\n\n\n\n<p>La gesta independentista tiene a margarite\u00f1os ilustres como Juan Bautista Arismendi o su esposa, la hero\u00edna Luisa C\u00e1ceres de Arismendi, quienes dejaron a <strong><a href=\"https:\/\/es.wikipedia.org\/wiki\/Isla_de_Margarita\" target=\"_blank\" rel=\"noopener\" title=\"\">Margarita<\/a> en las p\u00e1ginas m\u00e1s dignas de nuestra historia<\/strong>. <\/p>\n\n\n\n<p>Cuando Venezuela se dividi\u00f3 en 20 estados y un&nbsp;distrito federal, <strong>Margarita tom\u00f3 el nombre de&nbsp;Nueva Esparta, <\/strong>un homenaje al arrojo de sus habitantes durante la independencia, en clara alusi\u00f3n al hero\u00edsmo de los espartanos de la Antigua Grecia.<\/p>\n\n\n\n<div style=\"height:40px\" aria-hidden=\"true\" class=\"wp-block-spacer\"><\/div>\n\n\n\n<figure class=\"wp-block-image size-full\"><img decoding=\"async\" loading=\"lazy\" width=\"811\" height=\"540\" src=\"https:\/\/imagesblog.remax.com.ve\/wp-content\/uploads\/2024\/06\/19093146\/REMAX-Venezuela-Convencion-REMAX-Venezuela-2024-2.png\" alt=\"REMAX-Venezuela-Convencion-REMAX-Venezuela-2024\" class=\"wp-image-1470\" srcset=\"https:\/\/imagesblog.remax.com.ve\/wp-content\/uploads\/2024\/06\/19093146\/REMAX-Venezuela-Convencion-REMAX-Venezuela-2024-2.png 811w, https:\/\/imagesblog.remax.com.ve\/wp-content\/uploads\/2024\/06\/19093146\/REMAX-Venezuela-Convencion-REMAX-Venezuela-2024-2-300x200.png 300w, https:\/\/imagesblog.remax.com.ve\/wp-content\/uploads\/2024\/06\/19093146\/REMAX-Venezuela-Convencion-REMAX-Venezuela-2024-2-768x511.png 768w\" sizes=\"(max-width: 811px) 100vw, 811px\" \/><\/figure>\n\n\n\n<div style=\"height:20px\" aria-hidden=\"true\" class=\"wp-block-spacer\"><\/div>\n\n\n\n<h3 class=\"wp-block-heading\"><strong>\u00a1Nos vemos en Margarita! \u00a1Vamos a la Convenci\u00f3n RE\/MAX 2024!<\/strong><\/h3>\n\n\n\n<p><strong>Margarita es el para\u00edso so\u00f1ado de los venezolanos y de muchos m\u00e1s en todo el mundo.<\/strong> Entonces, no es fortuito que <strong>nuestra primera convenci\u00f3n fuera de Caracas, sea en Margarita. <\/strong>Su historia, sus bellezas tur\u00edsticas, su gente, su enorme potencia comercial e inmobiliaria son la mejor inspiraci\u00f3n. <\/p>\n\n\n\n<p><strong>\u00a1Nos vemos en Margarita en la Convenci\u00f3n RE\/MAX Venezuela 2024! \u00a1S\u00fabete a la Cresta de la Ola con RE\/MAX!<\/strong> En el Hotel Wyndham Isla de Margarita Concorde, en Porlamar. <\/p>\n\n\n\n<p><strong>S\u00f3lo para agentes y br\u00f3kers de RE\/MAX. <\/strong>No dejes que te lo cuenten. <strong>Descarga este documento y env\u00edalo a <a href=\"mailto:maketing@master.remax.com.ve\" target=\"_blank\" rel=\"noopener\" title=\"\">maketing@master.remax.com.ve<\/a>.<\/strong><\/p>\n\n\n\n<h4 class=\"wp-block-heading has-text-align-center\"><a href=\"https:\/\/www.remax.com.ve\/blog\/planilla-registro-convencion\/\" target=\"_blank\" rel=\"noopener\" title=\"Descarga tu planilla de registro a la Convenci\u00f3n RE\/MAX 2024\">Descarga tu planilla de registro a la Convenci\u00f3n RE\/MAX 2024<\/a><\/h4>\n\n\n\n<p><strong>Si a\u00fan no formas parte de RE\/MAX Venezuela, \u00bfqu\u00e9 est\u00e1s esperando? <\/strong>Somos la red inmobiliaria #1 de Venezuela y el mundo. <strong>Adem\u00e1s de ser los m\u00e1s productivos -por qu\u00e9 no decirlo-, tambi\u00e9n organizamos las mejores <a href=\"https:\/\/www.remax.com.ve\/blog\/convencion-remax-venezuela-2023\/\" target=\"_blank\" rel=\"noopener\" title=\"Convenci\u00f3n RE\/MAX Venezuela 2023: un encuentro \u00fanico con\u00a0mucho \u201cRock and Roll\u201d\">convenciones inmobiliarias<\/a><\/strong>. <\/p>\n\n\n\n<div class=\"wp-block-buttons alignwide is-content-justification-center is-layout-flex wp-container-1\">\n<div class=\"wp-block-button\"><a class=\"wp-block-button__link has-neve-link-color-background-color has-background wp-element-button\" href=\"https:\/\/www.remax.com.ve\/ser-agente-remax\" target=\"_blank\" rel=\"noreferrer noopener\">S\u00ed, quiero ser Agente RE\/MAX<\/a><\/div>\n\n\n\n<div class=\"wp-block-button\"><a class=\"wp-block-button__link has-neve-text-color-background-color has-background wp-element-button\" href=\"https:\/\/www.remax.com.ve\/adquirir-franquicia-remax\" target=\"_blank\" rel=\"noreferrer noopener\">S\u00ed, quiero ser un franquiciado RE\/MAX<\/a><\/div>\n<\/div>\n","protected":false},"excerpt":{"rendered":"<p>La Convenci\u00f3n RE\/MAX Venezuela 2024 cambia de sede. Por primera vez, tendr\u00e1 lugar en la isla de Margarita. Aqu\u00ed unas l\u00edneas de la hermosa historia de la isla.<\/p>\n","protected":false},"author":4,"featured_media":1527,"comment_status":"open","ping_status":"open","sticky":false,"template":"","format":"standard","meta":{"neve_meta_sidebar":"","neve_meta_container":"","neve_meta_enable_content_width":"","neve_meta_content_width":0,"neve_meta_title_alignment":"","neve_meta_author_avatar":"","neve_post_elements_order":"","neve_meta_disable_header":"","neve_meta_disable_footer":"","neve_meta_disable_title":""},"categories":[11],"tags":[17,13,47,39,20],"aioseo_notices":[],"jetpack_featured_media_url":"https:\/\/imagesblog.remax.com.ve\/wp-content\/uploads\/2024\/06\/12220115\/REMAX-Venezuela-Convencion-Margarita-2024.png","_links":{"self":[{"href":"https:\/\/www.remax.com.ve\/blog\/wp-json\/wp\/v2\/posts\/1464"}],"collection":[{"href":"https:\/\/www.remax.com.ve\/blog\/wp-json\/wp\/v2\/posts"}],"about":[{"href":"https:\/\/www.remax.com.ve\/blog\/wp-json\/wp\/v2\/types\/post"}],"author":[{"embeddable":true,"href":"https:\/\/www.remax.com.ve\/blog\/wp-json\/wp\/v2\/users\/4"}],"replies":[{"embeddable":true,"href":"https:\/\/www.remax.com.ve\/blog\/wp-json\/wp\/v2\/comments?post=1464"}],"version-history":[{"count":20,"href":"https:\/\/www.remax.com.ve\/blog\/wp-json\/wp\/v2\/posts\/1464\/revisions"}],"predecessor-version":[{"id":1592,"href":"https:\/\/www.remax.com.ve\/blog\/wp-json\/wp\/v2\/posts\/1464\/revisions\/1592"}],"wp:featuredmedia":[{"embeddable":true,"href":"https:\/\/www.remax.com.ve\/blog\/wp-json\/wp\/v2\/media\/1527"}],"wp:attachment":[{"href":"https:\/\/www.remax.com.ve\/blog\/wp-json\/wp\/v2\/media?parent=1464"}],"wp:term":[{"taxonomy":"category","embeddable":true,"href":"https:\/\/www.remax.com.ve\/blog\/wp-json\/wp\/v2\/categories?post=1464"},{"taxonomy":"post_tag","embeddable":true,"href":"https:\/\/www.remax.com.ve\/blog\/wp-json\/wp\/v2\/tags?post=1464"}],"curies":[{"name":"wp","href":"https:\/\/api.w.org\/{rel}","templated":true}]}}