{"id":196,"date":"2023-05-24T09:37:00","date_gmt":"2023-05-24T14:07:00","guid":{"rendered":"https:\/\/www.remax.com.ve\/blog\/?p=196"},"modified":"2024-10-02T16:02:21","modified_gmt":"2024-10-02T20:32:21","slug":"convencion-re-max-venezuela-2022","status":"publish","type":"post","link":"https:\/\/www.remax.com.ve\/blog\/convencion-re-max-venezuela-2022\/","title":{"rendered":"Convenci\u00f3n RE\/MAX Venezuela 2022: confirmando que somos los mejores"},"content":{"rendered":"\n<p>M\u00e1s de 360 Brokers y Agentes Asociados se unieron en Caracas en los dos d\u00edas de encuentro durante la Convenci\u00f3n RE\/MAX Venezuela 2022.<\/p>\n\n\n\n<p>Provenientes de todo el pa\u00eds, estos profesionales inmobiliarios se dieron cita para no solo compartir experiencias, conocimientos y nuevas estrategias para impulsar su negocio, sino que adem\u00e1s unos 200 fueron galardonados como los Br\u00f3keres y Agentes m\u00e1s productivos el a\u00f1o 2021.<\/p>\n\n\n\n<h3 class=\"wp-block-heading\"><strong>Jueves 22 de septiembre: Primer d\u00eda: \u201cEncuentro de Brokers\u201d<\/strong><\/h3>\n\n\n\n<p>La Convenci\u00f3n RE\/MAX Venezuela 2022 comenz\u00f3 con el \u201cEncuentro de Br\u00f3keres 2022\u201d, en la que estuvieron presentes 90 Br\u00f3keres y Gerentes de todo el pa\u00eds. Como invitado especial v\u00eda Zoom, Jorge Testa RE\/MAX Diagonal II, de Argentina, cont\u00f3 sus claves de \u00e9xito para lograr ser reconocido como Br\u00f3ker Global en los a\u00f1os 2020 y 2021.<\/p>\n\n\n\n<p>Las presentaciones de Antonio Rosello y Gladys Chac\u00edn, directores regionales de la marca en Venezuela, mostraron los resultados comparativos de todas las oficinas y las estrategias de productividad y expansi\u00f3n para el pr\u00f3ximo a\u00f1o. Su visi\u00f3n es tener m\u00e1s de 2.000 Agentes en 2023 en m\u00e1s de 100 oficinas a nivel nacional.<\/p>\n\n\n\n<figure class=\"wp-block-image size-full\"><img decoding=\"async\" loading=\"lazy\" width=\"811\" height=\"540\" src=\"https:\/\/imagesblog.remax.com.ve\/wp-content\/uploads\/2023\/06\/08095629\/REMAX-Venezuela-Convencion-REMAX-Venezuela-2022-2.png\" alt=\"REMAX-Venezuela-Convenci\u00f3n-REMAX-Venezuela-2022\" class=\"wp-image-201\" srcset=\"https:\/\/imagesblog.remax.com.ve\/wp-content\/uploads\/2023\/06\/08095629\/REMAX-Venezuela-Convencion-REMAX-Venezuela-2022-2.png 811w, https:\/\/imagesblog.remax.com.ve\/wp-content\/uploads\/2023\/06\/08095629\/REMAX-Venezuela-Convencion-REMAX-Venezuela-2022-2-300x200.png 300w, https:\/\/imagesblog.remax.com.ve\/wp-content\/uploads\/2023\/06\/08095629\/REMAX-Venezuela-Convencion-REMAX-Venezuela-2022-2-768x511.png 768w\" sizes=\"(max-width: 811px) 100vw, 811px\" \/><\/figure>\n\n\n\n<p>El primer d\u00eda de la Convenci\u00f3n RE\/MAX Venezuela 2022 reconoci\u00f3 a Br\u00f3keres que se sumaron a la red en los a\u00f1os de pandemia, y dieron un vuelco total a la adversidad para transformarla en productividad y \u00e9xito en sus oficinas. Estuvieron presentes:<\/p>\n\n\n\n<ul>\n<li><a href=\"https:\/\/www.remax.com.ve\/arena\" target=\"_blank\" rel=\"noreferrer noopener\"><strong>RE\/MAX Arena<\/strong><\/a>: Anahild Su\u00e1rez.<\/li>\n\n\n\n<li><a href=\"https:\/\/www.remax.com.ve\/contigo\" target=\"_blank\" rel=\"noreferrer noopener\"><strong>RE\/MAX Contigo<\/strong><\/a>: Gustavo Barboza y Rafael Flores.<\/li>\n\n\n\n<li><a href=\"https:\/\/www.remax.com.ve\/energy\" target=\"_blank\" rel=\"noreferrer noopener\"><strong>RE\/MAX Energy<\/strong><\/a>: Leonardo Carollo y Evelyn Mendoza.<\/li>\n\n\n\n<li><a href=\"https:\/\/www.remax.com.ve\/futuro\" target=\"_blank\" rel=\"noreferrer noopener\"><strong>RE\/MAX Futuro<\/strong><\/a>: Michell Requena y Rachely Pablos.<\/li>\n\n\n\n<li><a href=\"https:\/\/www.remax.com.ve\/galaxy\" target=\"_blank\" rel=\"noreferrer noopener\"><strong>RE\/MAX Galaxy<\/strong><\/a>: Johanna Barrios, Douglas Abreu y Minerva Rumbos.<\/li>\n\n\n\n<li><a href=\"https:\/\/www.remax.com.ve\/plus\" target=\"_blank\" rel=\"noreferrer noopener\"><strong>RE\/MAX Plus<\/strong><\/a>: Rosalig Urdaneta y H\u00e9ctor Alcal\u00e1.<\/li>\n\n\n\n<li><a href=\"https:\/\/www.remax.com.ve\/presstigio\" target=\"_blank\" rel=\"noreferrer noopener\"><strong>RE\/MAX Presstigio<\/strong><\/a>: Marlon Herrera y Nery G\u00f3mez.<\/li>\n\n\n\n<li><a href=\"https:\/\/www.remax.com.ve\/synergy\" target=\"_blank\" rel=\"noreferrer noopener\"><strong>RE\/MAX Synergy<\/strong><\/a>: Karina Ram\u00edrez.<\/li>\n\n\n\n<li><a href=\"https:\/\/www.remax.com.ve\/target\" target=\"_blank\" rel=\"noreferrer noopener\"><strong>RE\/MAX Target<\/strong><\/a>: Adriana Medina, Javier Medina y Jos\u00e9 Gregorio Medina.<\/li>\n\n\n\n<li><a href=\"https:\/\/www.remax.com.ve\/tempus\" target=\"_blank\" rel=\"noreferrer noopener\"><strong>RE\/MAX Tempus<\/strong><\/a>: Rosangel Mata y Silvano Truant.<\/li>\n\n\n\n<li><a href=\"https:\/\/www.remax.com.ve\/total\" target=\"_blank\" rel=\"noreferrer noopener\"><strong>RE\/MAX Total<\/strong><\/a>: Thayrhayr S\u00e1ez.<\/li>\n\n\n\n<li><strong><a href=\"https:\/\/www.remax.com.ve\/ultra\" target=\"_blank\" rel=\"noreferrer noopener\">RE\/MAX Ultra<\/a><\/strong>:&nbsp; Marisabel Fern\u00e1ndez y Michell Di Marco.<\/li>\n<\/ul>\n\n\n\n<figure class=\"wp-block-image size-full\"><img decoding=\"async\" loading=\"lazy\" width=\"811\" height=\"540\" src=\"https:\/\/imagesblog.remax.com.ve\/wp-content\/uploads\/2023\/06\/08095717\/REMAX-Venezuela-Convencion-REMAX-Venezuela-2022-3.png\" alt=\"REMAX-Venezuela-Convencion-REMAX-Venezuela-2022\" class=\"wp-image-202\" srcset=\"https:\/\/imagesblog.remax.com.ve\/wp-content\/uploads\/2023\/06\/08095717\/REMAX-Venezuela-Convencion-REMAX-Venezuela-2022-3.png 811w, https:\/\/imagesblog.remax.com.ve\/wp-content\/uploads\/2023\/06\/08095717\/REMAX-Venezuela-Convencion-REMAX-Venezuela-2022-3-300x200.png 300w, https:\/\/imagesblog.remax.com.ve\/wp-content\/uploads\/2023\/06\/08095717\/REMAX-Venezuela-Convencion-REMAX-Venezuela-2022-3-768x511.png 768w\" sizes=\"(max-width: 811px) 100vw, 811px\" \/><\/figure>\n\n\n\n<figure class=\"wp-block-image size-full\"><img decoding=\"async\" loading=\"lazy\" width=\"811\" height=\"540\" src=\"https:\/\/imagesblog.remax.com.ve\/wp-content\/uploads\/2023\/06\/08095852\/REMAX-Venezuela-Convencion-REMAX-Venezuela-2022-4.png\" alt=\"REMAX-Venezuela-Convencion-REMAX-Venezuela-2022\" class=\"wp-image-203\" srcset=\"https:\/\/imagesblog.remax.com.ve\/wp-content\/uploads\/2023\/06\/08095852\/REMAX-Venezuela-Convencion-REMAX-Venezuela-2022-4.png 811w, https:\/\/imagesblog.remax.com.ve\/wp-content\/uploads\/2023\/06\/08095852\/REMAX-Venezuela-Convencion-REMAX-Venezuela-2022-4-300x200.png 300w, https:\/\/imagesblog.remax.com.ve\/wp-content\/uploads\/2023\/06\/08095852\/REMAX-Venezuela-Convencion-REMAX-Venezuela-2022-4-768x511.png 768w\" sizes=\"(max-width: 811px) 100vw, 811px\" \/><\/figure>\n\n\n\n<p>El evento cerr\u00f3 con un panel conformado por los Brokers de las oficinas m\u00e1s exitosas de la red, quienes compartieron estrategias para el crecimiento, posicionamiento y su visi\u00f3n sobre el mercado inmobiliario en sus ciudades para el pr\u00f3ximo a\u00f1o. En este panel participaron:<\/p>\n\n\n\n<ul>\n<li><a href=\"https:\/\/www.remax.com.ve\/alcanza\" target=\"_blank\" rel=\"noreferrer noopener\"><strong>RE\/MAX Alcanza<\/strong><\/a> (Valencia): Mar\u00eda Gabriela Di Sora y Angel Lara.<\/li>\n\n\n\n<li><a href=\"https:\/\/www.remax.com.ve\/infinity\"><strong>R<\/strong><\/a><a href=\"https:\/\/www.remax.com.ve\/infinity\" target=\"_blank\" rel=\"noreferrer noopener\"><strong>E\/MAX Infinity<\/strong><\/a> (Valencia): Luisana Prieto y Alejandro Luces.<\/li>\n\n\n\n<li><a href=\"https:\/\/www.remax.com.ve\/millenium\" target=\"_blank\" rel=\"noreferrer noopener\"><strong>RE\/MAX Millenium<\/strong><\/a> (Maracaibo): Oscar Romero.<\/li>\n\n\n\n<li><strong><a href=\"https:\/\/www.remax.com.ve\/planet\" target=\"_blank\" rel=\"noreferrer noopener\">RE\/MAX Planet<\/a><\/strong> (San Crist\u00f3bal): Daysi Rosales y Valmore Rodr\u00edguez.<\/li>\n\n\n\n<li><strong><a href=\"https:\/\/www.remax.com.ve\/premier\" target=\"_blank\" rel=\"noreferrer noopener\">RE\/MAX Premier<\/a><\/strong> (Caracas): Mireya Oliveros.<\/li>\n\n\n\n<li><strong><a href=\"https:\/\/www.remax.com.ve\/terragold\" target=\"_blank\" rel=\"noreferrer noopener\">RE\/MAX Terra Gold<\/a><\/strong> (Lecher\u00eda): Maricarmen Galindo.<\/li>\n\n\n\n<li><strong><a href=\"https:\/\/www.remax.com.ve\/vip\" target=\"_blank\" rel=\"noreferrer noopener\"><\/a><strong><a href=\"https:\/\/www.remax.com.ve\/vip\" target=\"_blank\" rel=\"noreferrer noopener\">RE\/MAX VIP<\/a><\/strong><\/strong> (Caracas): Alexandro Corraro.<\/li>\n<\/ul>\n\n\n\n<figure class=\"wp-block-image size-full\"><img decoding=\"async\" loading=\"lazy\" width=\"811\" height=\"540\" src=\"https:\/\/imagesblog.remax.com.ve\/wp-content\/uploads\/2023\/06\/08100121\/REMAX-Venezuela-Convencion-REMAX-Venezuela-2022-5.png\" alt=\"\" class=\"wp-image-204\" srcset=\"https:\/\/imagesblog.remax.com.ve\/wp-content\/uploads\/2023\/06\/08100121\/REMAX-Venezuela-Convencion-REMAX-Venezuela-2022-5.png 811w, https:\/\/imagesblog.remax.com.ve\/wp-content\/uploads\/2023\/06\/08100121\/REMAX-Venezuela-Convencion-REMAX-Venezuela-2022-5-300x200.png 300w, https:\/\/imagesblog.remax.com.ve\/wp-content\/uploads\/2023\/06\/08100121\/REMAX-Venezuela-Convencion-REMAX-Venezuela-2022-5-768x511.png 768w\" sizes=\"(max-width: 811px) 100vw, 811px\" \/><\/figure>\n\n\n\n<h3 class=\"wp-block-heading\"><strong>Vienes 23 de septiembre: Segundo d\u00eda: \u201cConvenci\u00f3n Nacional\u201d<\/strong><\/h3>\n\n\n\n<p>El d\u00eda de la Convenci\u00f3n RE\/MAX Venezuela 2022, enmarcada en su eslogan \u201cEl Ritmo Inmobiliario lo marca RE\/MAX\u201d, inici\u00f3 con la proyecci\u00f3n de 34 coreograf\u00edas preparadas por diferentes oficinas, quienes se lucieron con el vibrante sonido de int\u00e9rpretes venezolanos en distintos g\u00e9neros. <\/p>\n\n\n\n<p>La iniciativa sirvi\u00f3 para mostrar impactantes paisajes de sus ciudades, con mensajes optimistas para el retorno de venezolanos y la alegr\u00eda contagiosa de los equipos de la red.<\/p>\n\n\n\n<figure class=\"wp-block-image size-full\"><img decoding=\"async\" loading=\"lazy\" width=\"811\" height=\"540\" src=\"https:\/\/imagesblog.remax.com.ve\/wp-content\/uploads\/2023\/06\/08100320\/REMAX-Venezuela-Convencion-REMAX-Venezuela-2022-6.png\" alt=\"\" class=\"wp-image-205\" srcset=\"https:\/\/imagesblog.remax.com.ve\/wp-content\/uploads\/2023\/06\/08100320\/REMAX-Venezuela-Convencion-REMAX-Venezuela-2022-6.png 811w, https:\/\/imagesblog.remax.com.ve\/wp-content\/uploads\/2023\/06\/08100320\/REMAX-Venezuela-Convencion-REMAX-Venezuela-2022-6-300x200.png 300w, https:\/\/imagesblog.remax.com.ve\/wp-content\/uploads\/2023\/06\/08100320\/REMAX-Venezuela-Convencion-REMAX-Venezuela-2022-6-768x511.png 768w\" sizes=\"(max-width: 811px) 100vw, 811px\" \/><\/figure>\n\n\n\n<h4 class=\"wp-block-heading\">La reflexi\u00f3n sobre nuestras ciudades<\/h4>\n\n\n\n<p>El reconocido historiador e intelectual Rafael Arraiz Lucca ofreci\u00f3 una conferencia magistral sobre el desarrollo inmobiliario en Venezuela y su impacto sobre el crecimiento de nuestras ciudades.<\/p>\n\n\n\n<figure class=\"wp-block-image size-full is-resized\"><img decoding=\"async\" loading=\"lazy\" src=\"https:\/\/imagesblog.remax.com.ve\/wp-content\/uploads\/2023\/06\/08100446\/REMAX-Venezuela-Convencion-REMAX-Venezuela-2022-7.png\" alt=\"REMAX-Venezuela-Convencion-REMAX-Venezuela\" class=\"wp-image-206\" width=\"811\" height=\"540\" srcset=\"https:\/\/imagesblog.remax.com.ve\/wp-content\/uploads\/2023\/06\/08100446\/REMAX-Venezuela-Convencion-REMAX-Venezuela-2022-7.png 811w, https:\/\/imagesblog.remax.com.ve\/wp-content\/uploads\/2023\/06\/08100446\/REMAX-Venezuela-Convencion-REMAX-Venezuela-2022-7-300x200.png 300w, https:\/\/imagesblog.remax.com.ve\/wp-content\/uploads\/2023\/06\/08100446\/REMAX-Venezuela-Convencion-REMAX-Venezuela-2022-7-768x511.png 768w\" sizes=\"(max-width: 811px) 100vw, 811px\" \/><figcaption class=\"wp-element-caption\"><em>Rafael Arraiz Lucca, durante su conferencia sobre los hitos fundamentales del urbanismo moderno en Venezuela.<\/em><\/figcaption><\/figure>\n\n\n\n<p>Destac\u00f3 ocho iconos que impactaron el desarrollo econ\u00f3mico de las ciudades donde estuvieron enclavados y, hoy por hoy, son s\u00edmbolos de la visi\u00f3n de grandeza de sus creadores y de la importancia del sector de la construcci\u00f3n e inmobiliario para el crecimiento del pa\u00eds.<\/p>\n\n\n\n<figure class=\"wp-block-image size-full\"><img decoding=\"async\" loading=\"lazy\" width=\"811\" height=\"540\" src=\"https:\/\/imagesblog.remax.com.ve\/wp-content\/uploads\/2023\/06\/08100708\/REMAX-Venezuela-Convencion-REMAX-Venezuela-2022-8.png\" alt=\"\" class=\"wp-image-207\" srcset=\"https:\/\/imagesblog.remax.com.ve\/wp-content\/uploads\/2023\/06\/08100708\/REMAX-Venezuela-Convencion-REMAX-Venezuela-2022-8.png 811w, https:\/\/imagesblog.remax.com.ve\/wp-content\/uploads\/2023\/06\/08100708\/REMAX-Venezuela-Convencion-REMAX-Venezuela-2022-8-300x200.png 300w, https:\/\/imagesblog.remax.com.ve\/wp-content\/uploads\/2023\/06\/08100708\/REMAX-Venezuela-Convencion-REMAX-Venezuela-2022-8-768x511.png 768w\" sizes=\"(max-width: 811px) 100vw, 811px\" \/><\/figure>\n\n\n\n<p>En este sentido, los \u00edconos seleccionados fueron:<\/p>\n\n\n\n<ul>\n<li>Complejo Urban\u00edstico Parque Central (Caracas).<\/li>\n\n\n\n<li>Centro Ciudad Comercial Tamanaco (CCCT, tambi\u00e9n en Caracas).<\/li>\n\n\n\n<li>Complejo Tur\u00edstico El Morro (Lecher\u00edas, estado Anzo\u00e1tegui).<\/li>\n\n\n\n<li>Los proyectos residenciales de Elorriaga, Faria &amp; Asociados en la zona Sur de Maracaibo (estado Zulia).<\/li>\n\n\n\n<li>Los proyectos residenciales del Grupo Coyserca en San Diego (Valencia, estado Carabobo).<\/li>\n\n\n\n<li>La constructora Sambil con sus centros comerciales en Sambil en Caracas, Valencia, Barquisimeto, Margarita, Maracaibo, Paraguan\u00e1 y San Crist\u00f3bal, Santo Domingo, Curazao y Madrid.<\/li>\n\n\n\n<li>La Torre Sindoni en Maracay (estado Aragua).<\/li>\n<\/ul>\n\n\n\n<h4 class=\"wp-block-heading\"><strong>El lado humano<\/strong><\/h4>\n\n\n\n<p>El tono humano del evento fue la acostumbrada secci\u00f3n de Seres Humanos Extraordinarios. All\u00ed se present\u00f3 un grupo de j\u00f3venes de la fundaci\u00f3n ASODECO, asociaci\u00f3n con 37 a\u00f1os de experiencia, dedicada a la inclusi\u00f3n social y laboral de las personas con discapacidad intelectual. <\/p>\n\n\n\n<figure class=\"wp-block-image size-full\"><img decoding=\"async\" loading=\"lazy\" width=\"811\" height=\"540\" src=\"https:\/\/imagesblog.remax.com.ve\/wp-content\/uploads\/2023\/06\/08101840\/REMAX-Venezuela-Convencion-REMAX-Venezuela-2022-12.png\" alt=\"REMAX-Venezuela-Convencion-REMAX-Venezuela-2022\" class=\"wp-image-211\" srcset=\"https:\/\/imagesblog.remax.com.ve\/wp-content\/uploads\/2023\/06\/08101840\/REMAX-Venezuela-Convencion-REMAX-Venezuela-2022-12.png 811w, https:\/\/imagesblog.remax.com.ve\/wp-content\/uploads\/2023\/06\/08101840\/REMAX-Venezuela-Convencion-REMAX-Venezuela-2022-12-300x200.png 300w, https:\/\/imagesblog.remax.com.ve\/wp-content\/uploads\/2023\/06\/08101840\/REMAX-Venezuela-Convencion-REMAX-Venezuela-2022-12-768x511.png 768w\" sizes=\"(max-width: 811px) 100vw, 811px\" \/><figcaption class=\"wp-element-caption\"><em>El momento de bailar bajo la conducci\u00f3n de Pedro Moreno <\/em><\/figcaption><\/figure>\n\n\n\n<p>La conducci\u00f3n de las presentaciones de cinco j\u00f3venes estuvo dirigida por licenciada Sonia Rojas, directora de la instituci\u00f3n, quien convers\u00f3 con cada joven compartiendo con la audiencia c\u00f3mo cada uno de ellos participa en el mundo laboral y han logrado un reconocimiento en las empresas donde se desempe\u00f1an. La seguridad de cada uno y la amabilidad de sus exposiciones lleg\u00f3 al coraz\u00f3n de todos los presentes.<\/p>\n\n\n\n<p>Asimismo, tuvieron lugar las charlas del periodista y animador Miguel Zambrano, con su motivadora propuesta &nbsp;\u201cAlerta, cuidado con lo que dices\u201d, y de Karell Navarro, quien expuso sobre \u201cEl incre\u00edble poder de tu imagen profesional\u201d. Uno de los momentos m\u00e1s animados fue con el bailar\u00edn Pedro Moreno quien anim\u00f3 a la audiencia con un recorrido por las canciones m\u00e1s famosas, bailando todos al ritmo de esas inolvidables piezas.<\/p>\n\n\n\n<figure class=\"wp-block-image size-full is-resized\"><img decoding=\"async\" loading=\"lazy\" src=\"https:\/\/imagesblog.remax.com.ve\/wp-content\/uploads\/2023\/06\/08101434\/REMAX-Venezuela-Convencion-REMAX-Venezuela-2022-10.png\" alt=\"REMAX-Venezuela-Convencion-REMAX-Venezuela-2022\" class=\"wp-image-209\" width=\"811\" height=\"540\" srcset=\"https:\/\/imagesblog.remax.com.ve\/wp-content\/uploads\/2023\/06\/08101434\/REMAX-Venezuela-Convencion-REMAX-Venezuela-2022-10.png 811w, https:\/\/imagesblog.remax.com.ve\/wp-content\/uploads\/2023\/06\/08101434\/REMAX-Venezuela-Convencion-REMAX-Venezuela-2022-10-300x200.png 300w, https:\/\/imagesblog.remax.com.ve\/wp-content\/uploads\/2023\/06\/08101434\/REMAX-Venezuela-Convencion-REMAX-Venezuela-2022-10-768x511.png 768w\" sizes=\"(max-width: 811px) 100vw, 811px\" \/><figcaption class=\"wp-element-caption\"><em>Miguel Zambrano, en su motivadora charla  \u201cAlerta, cuidado con lo que dices\u201d.<\/em><\/figcaption><\/figure>\n\n\n\n<figure class=\"wp-block-image size-full\"><img decoding=\"async\" loading=\"lazy\" width=\"811\" height=\"540\" src=\"https:\/\/imagesblog.remax.com.ve\/wp-content\/uploads\/2023\/06\/08101649\/REMAX-Venezuela-Convencion-REMAX-Venezuela-2022-11.png\" alt=\"REMAX-Venezuela-Convencion-REMAX-Venezuela-2022\" class=\"wp-image-210\" srcset=\"https:\/\/imagesblog.remax.com.ve\/wp-content\/uploads\/2023\/06\/08101649\/REMAX-Venezuela-Convencion-REMAX-Venezuela-2022-11.png 811w, https:\/\/imagesblog.remax.com.ve\/wp-content\/uploads\/2023\/06\/08101649\/REMAX-Venezuela-Convencion-REMAX-Venezuela-2022-11-300x200.png 300w, https:\/\/imagesblog.remax.com.ve\/wp-content\/uploads\/2023\/06\/08101649\/REMAX-Venezuela-Convencion-REMAX-Venezuela-2022-11-768x511.png 768w\" sizes=\"(max-width: 811px) 100vw, 811px\" \/><figcaption class=\"wp-element-caption\">La elegante Karell Navarro en su charla sobre \u201cEl incre\u00edble poder de tu imagen profesional\u201d<\/figcaption><\/figure>\n\n\n\n<h3 class=\"wp-block-heading\">Los premios en la Convenci\u00f3n RE\/MAX Venezuela 2022<\/h3>\n\n\n\n<p>En el panel de Agentes m\u00e1s exitosos, compartieron sus claves para ser un Top Producer Internacional, los siguientes profesionales:<\/p>\n\n\n\n<ul>\n<li><a href=\"https:\/\/www.remax.com.ve\/alcanza\" target=\"_blank\" rel=\"noreferrer noopener\"><strong>RE\/MAX Alcanza<\/strong><\/a>: Adriana Oropeza y Andr\u00e9s Giuseppe.<\/li>\n\n\n\n<li><a href=\"https:\/\/www.remax.com.ve\/hogar\" target=\"_blank\" rel=\"noreferrer noopener\"><strong>RE\/MAX Hogar<\/strong><\/a>: Aida Morales.<\/li>\n\n\n\n<li><a href=\"https:\/\/www.remax.com.ve\/infinity\"><strong>R<\/strong><\/a><a href=\"https:\/\/www.remax.com.ve\/infinity\" target=\"_blank\" rel=\"noreferrer noopener\"><strong>E\/MAX Infinity<\/strong><\/a>: Lucrecia Escorcha.<\/li>\n\n\n\n<li><a href=\"https:\/\/www.remax.com.ve\/millenium\" target=\"_blank\" rel=\"noreferrer noopener\"><strong>RE\/MAX Millenium<\/strong><\/a>: Eva Aponte.<\/li>\n\n\n\n<li><strong><a href=\"https:\/\/www.remax.com.ve\/momentum\" target=\"_blank\" rel=\"noreferrer noopener\">RE\/MAX Momentum<\/a><\/strong>: Regal Labrador.<\/li>\n\n\n\n<li><strong><a href=\"https:\/\/www.remax.com.ve\/planet\" target=\"_blank\" rel=\"noreferrer noopener\">RE\/MAX Planet<\/a>:<\/strong> Ver\u00f3nica Guillen.<\/li>\n\n\n\n<li><a href=\"https:\/\/www.remax.com.ve\/terragold\" target=\"_blank\" rel=\"noreferrer noopener\"><strong>RE\/MAX Terra Gold<\/strong><\/a>: Antony Morales.<\/li>\n\n\n\n<li><strong><a href=\"https:\/\/www.remax.com.ve\/victory\" target=\"_blank\" rel=\"noreferrer noopener\">RE\/MAX Victory<\/a><\/strong>: Roberto Fuenmayor.<\/li>\n\n\n\n<li><strong><a href=\"https:\/\/www.remax.com.ve\/vip\" target=\"_blank\" rel=\"noreferrer noopener\">RE\/MAX VIP<\/a><\/strong>: Alinson Isea.<\/li>\n<\/ul>\n\n\n\n<figure class=\"wp-block-image size-full\"><img decoding=\"async\" loading=\"lazy\" width=\"1024\" height=\"683\" src=\"https:\/\/imagesblog.remax.com.ve\/wp-content\/uploads\/2023\/06\/08102148\/Convencion-Nacional-REMAX-2022-13.jpg\" alt=\"\" class=\"wp-image-212\" srcset=\"https:\/\/imagesblog.remax.com.ve\/wp-content\/uploads\/2023\/06\/08102148\/Convencion-Nacional-REMAX-2022-13.jpg 1024w, https:\/\/imagesblog.remax.com.ve\/wp-content\/uploads\/2023\/06\/08102148\/Convencion-Nacional-REMAX-2022-13-300x200.jpg 300w, https:\/\/imagesblog.remax.com.ve\/wp-content\/uploads\/2023\/06\/08102148\/Convencion-Nacional-REMAX-2022-13-768x512.jpg 768w, https:\/\/imagesblog.remax.com.ve\/wp-content\/uploads\/2023\/06\/08102148\/Convencion-Nacional-REMAX-2022-13-930x620.jpg 930w\" sizes=\"(max-width: 1024px) 100vw, 1024px\" \/><\/figure>\n\n\n\n<p>El cierre de la Convenci\u00f3n RE\/MAX Venezuela 2022 no pudo ser m\u00e1s emocionante, cuando m\u00e1s de 200 Agentes fueron reconocidos por su labor, productividad y creatividad. En este sentido, fueron galardonados los Top Producers en diferentes categor\u00edas:<\/p>\n\n\n\n<ul>\n<li>Top 5 de oficinas con mayor reclutamiento.<\/li>\n\n\n\n<li>Top 10 de los Agentes con m\u00e1s captaciones.<\/li>\n\n\n\n<li>Top 10 de Agentes con m\u00e1s puntas.<\/li>\n\n\n\n<li>Top 10 de Agentes con venta residencial m\u00e1s alta.<\/li>\n\n\n\n<li>Top 10 de Agentes con venta comercial m\u00e1s alta.<\/li>\n\n\n\n<li>Top 5 de oficinas m\u00e1s productivas por regi\u00f3n (Oriente, Occidente, Los Andes, Centro y Gran Caracas).<\/li>\n\n\n\n<li>Top 10 de Agentes m\u00e1s productivos.<\/li>\n\n\n\n<li>Top 10 de Oficinas de toda la red.<\/li>\n<\/ul>\n\n\n\n<figure class=\"wp-block-gallery has-nested-images columns-default is-cropped wp-block-gallery-1 is-layout-flex\">\n<figure class=\"wp-block-image size-large\"><img decoding=\"async\" loading=\"lazy\" width=\"811\" height=\"540\" data-id=\"213\"  src=\"https:\/\/imagesblog.remax.com.ve\/wp-content\/uploads\/2023\/06\/08102832\/REMAX-Venezuela-Convencion-REMAX-Venezuela-2022-14.png\" alt=\"REMAX-Venezuela-Convencion-REMAX-Venezuela-2022\" class=\"wp-image-213\" srcset=\"https:\/\/imagesblog.remax.com.ve\/wp-content\/uploads\/2023\/06\/08102832\/REMAX-Venezuela-Convencion-REMAX-Venezuela-2022-14.png 811w, https:\/\/imagesblog.remax.com.ve\/wp-content\/uploads\/2023\/06\/08102832\/REMAX-Venezuela-Convencion-REMAX-Venezuela-2022-14-300x200.png 300w, https:\/\/imagesblog.remax.com.ve\/wp-content\/uploads\/2023\/06\/08102832\/REMAX-Venezuela-Convencion-REMAX-Venezuela-2022-14-768x511.png 768w\" sizes=\"(max-width: 811px) 100vw, 811px\" \/><\/figure>\n<\/figure>\n\n\n\n<p>Asimismo, hubo reconocimientos por a\u00f1os de servicio inmobiliario para aquellos que cumplieron 5 y 10 a\u00f1os de labores en RE\/MAX Venezuela, y los que desarrollaron las mejores campa\u00f1as publicitarias.<\/p>\n\n\n\n<p>Los asistentes coincidieron que la Convenci\u00f3n RE\/MAX Venezuela 2022 fue un \u00e9xito. Tanto por los conocimientos adquirimos y el intercambio de experiencias y estrategias entre los asistentes, como por la oportunidad de reencontrarse nuevamente y celebrar los triunfos.<\/p>\n\n\n\n<p><strong>\u00bfTe gustar\u00eda formar parte de la red inmobiliaria m\u00e1s productiva de Venezuela? <a href=\"https:\/\/www.remax.com.ve\/\" target=\"_blank\" rel=\"noopener\" title=\"\">Revisa todo lo que RE\/MAX Venezuela tiene para ti<\/a>. S\u00edguenos en Instagram<\/strong> <a href=\"https:\/\/www.instagram.com\/remax.venezuela\/\" target=\"_blank\" rel=\"noopener\" title=\"\">@<strong>remax.venezuela<\/strong><\/a>.<\/p>\n\n\n\n<figure class=\"wp-block-image size-full\"><img decoding=\"async\" loading=\"lazy\" width=\"811\" height=\"540\" src=\"https:\/\/imagesblog.remax.com.ve\/wp-content\/uploads\/2023\/06\/08104007\/REMAX-Venezuela-Convencion-REMAX-Venezuela-2022-15.png\" alt=\"\" class=\"wp-image-214\" srcset=\"https:\/\/imagesblog.remax.com.ve\/wp-content\/uploads\/2023\/06\/08104007\/REMAX-Venezuela-Convencion-REMAX-Venezuela-2022-15.png 811w, https:\/\/imagesblog.remax.com.ve\/wp-content\/uploads\/2023\/06\/08104007\/REMAX-Venezuela-Convencion-REMAX-Venezuela-2022-15-300x200.png 300w, https:\/\/imagesblog.remax.com.ve\/wp-content\/uploads\/2023\/06\/08104007\/REMAX-Venezuela-Convencion-REMAX-Venezuela-2022-15-768x511.png 768w\" sizes=\"(max-width: 811px) 100vw, 811px\" \/><\/figure>\n\n\n\n<figure class=\"wp-block-image size-full\"><img decoding=\"async\" loading=\"lazy\" width=\"811\" height=\"540\" src=\"https:\/\/imagesblog.remax.com.ve\/wp-content\/uploads\/2023\/06\/08104113\/REMAX-Venezuela-Convencion-REMAX-Venezuela-2022-16.png\" alt=\"REMAX-Venezuela-Convencion-REMAX-Venezuela-2022\" class=\"wp-image-215\" srcset=\"https:\/\/imagesblog.remax.com.ve\/wp-content\/uploads\/2023\/06\/08104113\/REMAX-Venezuela-Convencion-REMAX-Venezuela-2022-16.png 811w, https:\/\/imagesblog.remax.com.ve\/wp-content\/uploads\/2023\/06\/08104113\/REMAX-Venezuela-Convencion-REMAX-Venezuela-2022-16-300x200.png 300w, https:\/\/imagesblog.remax.com.ve\/wp-content\/uploads\/2023\/06\/08104113\/REMAX-Venezuela-Convencion-REMAX-Venezuela-2022-16-768x511.png 768w\" sizes=\"(max-width: 811px) 100vw, 811px\" \/><\/figure>\n","protected":false},"excerpt":{"rendered":"<p>M\u00e1s de 360 Brokers y Agentes Asociados se reunieron en Caracas durante la Convenci\u00f3n RE\/MAX Venezuela 2022. Una fiesta de formaci\u00f3n, networking y premios.<\/p>\n","protected":false},"author":2,"featured_media":380,"comment_status":"open","ping_status":"open","sticky":false,"template":"","format":"standard","meta":{"neve_meta_sidebar":"","neve_meta_container":"","neve_meta_enable_content_width":"","neve_meta_content_width":0,"neve_meta_title_alignment":"","neve_meta_author_avatar":"","neve_post_elements_order":"","neve_meta_disable_header":"","neve_meta_disable_footer":"","neve_meta_disable_title":""},"categories":[11],"tags":[17,13,47,20,19],"aioseo_notices":[],"jetpack_featured_media_url":"https:\/\/imagesblog.remax.com.ve\/wp-content\/uploads\/2022\/10\/28132821\/REMAX-convencion-remax-venezuela-2022-1.png","_links":{"self":[{"href":"https:\/\/www.remax.com.ve\/blog\/wp-json\/wp\/v2\/posts\/196"}],"collection":[{"href":"https:\/\/www.remax.com.ve\/blog\/wp-json\/wp\/v2\/posts"}],"about":[{"href":"https:\/\/www.remax.com.ve\/blog\/wp-json\/wp\/v2\/types\/post"}],"author":[{"embeddable":true,"href":"https:\/\/www.remax.com.ve\/blog\/wp-json\/wp\/v2\/users\/2"}],"replies":[{"embeddable":true,"href":"https:\/\/www.remax.com.ve\/blog\/wp-json\/wp\/v2\/comments?post=196"}],"version-history":[{"count":4,"href":"https:\/\/www.remax.com.ve\/blog\/wp-json\/wp\/v2\/posts\/196\/revisions"}],"predecessor-version":[{"id":377,"href":"https:\/\/www.remax.com.ve\/blog\/wp-json\/wp\/v2\/posts\/196\/revisions\/377"}],"wp:featuredmedia":[{"embeddable":true,"href":"https:\/\/www.remax.com.ve\/blog\/wp-json\/wp\/v2\/media\/380"}],"wp:attachment":[{"href":"https:\/\/www.remax.com.ve\/blog\/wp-json\/wp\/v2\/media?parent=196"}],"wp:term":[{"taxonomy":"category","embeddable":true,"href":"https:\/\/www.remax.com.ve\/blog\/wp-json\/wp\/v2\/categories?post=196"},{"taxonomy":"post_tag","embeddable":true,"href":"https:\/\/www.remax.com.ve\/blog\/wp-json\/wp\/v2\/tags?post=196"}],"curies":[{"name":"wp","href":"https:\/\/api.w.org\/{rel}","templated":true}]}}